{"id":2597,"date":"2026-04-28T07:06:19","date_gmt":"2026-04-28T05:06:19","guid":{"rendered":"http:\/\/gibaltar.cat\/?p=2597"},"modified":"2026-04-28T07:32:17","modified_gmt":"2026-04-28T05:32:17","slug":"la-primera-ocupacio-cristiana-de-gibraltar-plasmada-a-alcanyis","status":"publish","type":"post","link":"https:\/\/gibaltar.cat\/index.php\/2026\/04\/28\/la-primera-ocupacio-cristiana-de-gibraltar-plasmada-a-alcanyis\/","title":{"rendered":"La primera ocupaci\u00f3 cristiana de Gibraltar, plasmada a Alcany\u00eds"},"content":{"rendered":"\n<p><strong><a href=\"https:\/\/gibaltar-cat.translate.goog\/index.php\/2026\/04\/28\/la-primera-ocupacio-cristiana-de-gibraltar-plasmada-a-alcanyis\/?_x_tr_sl=ca&amp;_x_tr_tl=en&amp;_x_tr_hl=ca&amp;_x_tr_pto=wapp\" target=\"_blank\" rel=\"noreferrer noopener\">In English<\/a> (translated by Google) \/ <a href=\"https:\/\/gibaltar-cat.translate.goog\/index.php\/2026\/04\/28\/la-primera-ocupacio-cristiana-de-gibraltar-plasmada-a-alcanyis\/?_x_tr_sl=ca&amp;_x_tr_tl=es&amp;_x_tr_hl=ca&amp;_x_tr_pto=wapp\" target=\"_blank\" rel=\"noreferrer noopener\">En castellano<\/a> (traducido por Google)<\/strong><\/p>\n\n\n\n<div style=\"height:34px\" aria-hidden=\"true\" class=\"wp-block-spacer\"><\/div>\n\n\n\n<p class=\"has-drop-cap\">En l\u2019ocupaci\u00f3 austriacista de Gibraltar, l&#8217;estiu del 1704, a m\u00e9s de les tropes angloneerlandeses trobem un petit grup de <a rel=\"noreferrer noopener\" href=\"https:\/\/gibaltar.cat\/index.php\/2024\/04\/07\/un-testimoni-catala-de-la-presa-de-gibraltar\/\" target=\"_blank\">tres centenars d\u2019austriacistes<\/a>, la majoria catalans, enrolats al costat del pr\u00edncep Jordi de Hessen-Darmstadt, cap de l\u2019expedici\u00f3 aliada contra la pla\u00e7a filipista. Per\u00f2, anteriorment, en la primera ocupaci\u00f3 cristiana de la ciutat, l&#8217;any 1309, tamb\u00e9 hi havia hagut participaci\u00f3 catalana al costat dels castellans. I sembla que va quedar plasmada, de la manera m\u00e9s gr\u00e0fica possible, a les parets del castell d\u2019un poble del Baix Arag\u00f3, Alcany\u00eds.<\/p>\n\n\n\n<div style=\"height:32px\" aria-hidden=\"true\" class=\"wp-block-spacer\"><\/div>\n\n\n\n<figure class=\"wp-block-image size-large\"><img loading=\"lazy\" width=\"1000\" height=\"740\" src=\"http:\/\/gibaltar.cat\/wp-content\/uploads\/2026\/04\/ALCANYIS2.jpg\" alt=\"\" class=\"wp-image-2600\" srcset=\"https:\/\/gibaltar.cat\/wp-content\/uploads\/2026\/04\/ALCANYIS2.jpg 1000w, https:\/\/gibaltar.cat\/wp-content\/uploads\/2026\/04\/ALCANYIS2-300x222.jpg 300w, https:\/\/gibaltar.cat\/wp-content\/uploads\/2026\/04\/ALCANYIS2-768x568.jpg 768w\" sizes=\"(max-width: 1000px) 100vw, 1000px\" \/><figcaption>La Torre de l&#8217;Homenatge del castell d&#8217;Alcany\u00eds.<\/figcaption><\/figure>\n\n\n\n<div style=\"height:30px\" aria-hidden=\"true\" class=\"wp-block-spacer\"><\/div>\n\n\n\n<p>Fa m\u00e9s de set-cents anys, <a rel=\"noreferrer noopener\" href=\"https:\/\/historia-hispanica.rah.es\/biografias\/26302-garcia-lopez-de-padilla\" target=\"_blank\">Garc\u00eda L\u00f3pez de Padilla<\/a>, mestre de l\u2019Orde de Calatrava i participant en aquella empresa militar a l&#8217;estret de Gibraltar, va ordenar de pintar <a href=\"https:\/\/culturadearagon.es\/centro-del-libro-de-aragon\/publicaciones\/las-pinturas-murales-medievales-del-castillo-calatravo-de-alcaniz\/\" target=\"_blank\" rel=\"noreferrer noopener\">sis extraordin\u00e0ries escenes murals<\/a> a la Torre de l\u2019Homenatge del <a rel=\"noreferrer noopener\" href=\"https:\/\/visitbajoaragon.com\/es\/museos\/castillo-calatravo\" target=\"_blank\">castell d\u2019Alcany\u00eds<\/a>. El cas \u00e9s que fins ara no s\u2019havia pogut <a rel=\"noreferrer noopener\" href=\"https:\/\/www.alcaniz.es\/es\/component\/content\/article\/2586-curso-humanidades\" target=\"_blank\">confirmar<\/a> que les pintures representaven, justament, la conquesta cristiana del penyal als musulmans, presents d\u2019en\u00e7\u00e0 del 711 dC a l&#8217;indret que van anomenar <em>gebel Tariq<\/em>, la muntanya dedicada al cabdill amazic <a rel=\"noreferrer noopener\" href=\"https:\/\/www.ministryforheritage.gi\/heritage-and-antiquities\/tariq-ibn-ziyad-the-conqueror-of-gibraltar-1571\" target=\"_blank\">T\u00e0riq ibn Ziyad<\/a>.<\/p>\n\n\n\n<div style=\"height:37px\" aria-hidden=\"true\" class=\"wp-block-spacer\"><\/div>\n\n\n\n<figure class=\"wp-block-image size-large\"><img loading=\"lazy\" width=\"1000\" height=\"625\" src=\"http:\/\/gibaltar.cat\/wp-content\/uploads\/2026\/04\/ALCANYIS4.jpg\" alt=\"\" class=\"wp-image-2602\" srcset=\"https:\/\/gibaltar.cat\/wp-content\/uploads\/2026\/04\/ALCANYIS4.jpg 1000w, https:\/\/gibaltar.cat\/wp-content\/uploads\/2026\/04\/ALCANYIS4-300x188.jpg 300w, https:\/\/gibaltar.cat\/wp-content\/uploads\/2026\/04\/ALCANYIS4-768x480.jpg 768w\" sizes=\"(max-width: 1000px) 100vw, 1000px\" \/><\/figure>\n\n\n\n<div style=\"height:31px\" aria-hidden=\"true\" class=\"wp-block-spacer\"><\/div>\n\n\n\n<p>Fins al mar\u00e7 del 2026, doncs, no se sabia amb precisi\u00f3 a qu\u00e8 feien refer\u00e8ncia el conjunt de pintures g\u00f2tiques: com a m\u00e0xim es relacionaven amb <a rel=\"noreferrer noopener\" href=\"https:\/\/artedelrenacimiento.com\/renovatio\/index.php\/ars_renovatio\/article\/view\/4-Lacarra-Pinturas-murales\/4-Lacarra-Pinturas-murales.html\" target=\"_blank\">episodis inconnexos<\/a> del regnat de Jaume I. Per\u00f2 l\u2019investigador <a rel=\"noreferrer noopener\" href=\"https:\/\/produccioncientifica.uca.es\/investigadores\/112904\/detalle?lang=ca\" target=\"_blank\">Jos\u00e9 Mar\u00eda Maestre Maestre<\/a>, catedr\u00e0tic de filologia llatina de la Universitat de Cadis i director de l\u2019<a rel=\"noreferrer noopener\" href=\"http:\/\/www.estudioshumanisticos.org\" target=\"_blank\">Institut d\u2019Estudis Human\u00edstics<\/a> (amb seu a Alcany\u00eds), <a rel=\"noreferrer noopener\" href=\"https:\/\/www.europasur.es\/campo-de-gibraltar\/pinturas-murales-goticas-unen-conquista-gibraltar-castillo-alcaniz_0_2006468567.html\" target=\"_blank\">ha pogut demostrar<\/a> que els murals immortalitzen, de fet, la <a rel=\"noreferrer noopener\" href=\"https:\/\/www.campodegibraltarsigloxxi.com\/identifican-al-penon-de-gibraltar-en-las-pinturas-murales-goticas-del-castillo-de-alcaniz-en-aragon\/\" target=\"_blank\">conquesta de Gibraltar<\/a> del 12 de setembre de 1309 a mans de Ferran IV de Castella en col\u00b7laboraci\u00f3 amb Jaume II d\u2019Arag\u00f3, durant l\u2019anomenada <a rel=\"noreferrer noopener\" href=\"https:\/\/gibaltar.cat\/index.php\/2025\/03\/13\/setges-catalans-a-ceuta\/\" target=\"_blank\">batalla de l\u2019Estret<\/a>.<\/p>\n\n\n\n<div style=\"height:27px\" aria-hidden=\"true\" class=\"wp-block-spacer\"><\/div>\n\n\n\n<figure class=\"wp-block-image size-large\"><img loading=\"lazy\" width=\"1000\" height=\"725\" src=\"http:\/\/gibaltar.cat\/wp-content\/uploads\/2026\/04\/ALCANYIS5.jpg\" alt=\"\" class=\"wp-image-2603\" srcset=\"https:\/\/gibaltar.cat\/wp-content\/uploads\/2026\/04\/ALCANYIS5.jpg 1000w, https:\/\/gibaltar.cat\/wp-content\/uploads\/2026\/04\/ALCANYIS5-300x218.jpg 300w, https:\/\/gibaltar.cat\/wp-content\/uploads\/2026\/04\/ALCANYIS5-768x557.jpg 768w\" sizes=\"(max-width: 1000px) 100vw, 1000px\" \/><figcaption>L&#8217;encontre previ a la conquesta entre els dos monarques.<\/figcaption><\/figure>\n\n\n\n<div style=\"height:35px\" aria-hidden=\"true\" class=\"wp-block-spacer\"><\/div>\n\n\n\n<p>En una pon\u00e8ncia titulada \u201c<a rel=\"noreferrer noopener\" href=\"https:\/\/www.alcaniz.es\/es\/Noticias\/prensa\/2594-gibraltar\" target=\"_blank\"><em>Decodificaci\u00f3n human\u00edstica de las pinturas murales g\u00f3ticas del castillo de Alca\u00f1iz<\/em><\/a>\u201d, que es va llegir el 28 de mar\u00e7 de 2026 en el context del tercer <a rel=\"noreferrer noopener\" href=\"https:\/\/estudiosclasicos-cadiz.blogspot.com\/2026\/03\/iii-curso-interdisciplinar-de.html\" target=\"_blank\">Curs Interdisciplinari d\u2019Humanitats<\/a> al Palau Ardid d\u2019Alcany\u00eds, Maestre va donar a con\u00e8ixer les conclusions d\u2019una investigaci\u00f3 que havia comen\u00e7at feia dues d\u00e8cades, quan va visitar el castell en ocasi\u00f3 d&#8217;una restauraci\u00f3 al costat de Jos\u00e9 Ignacio Micolau Adell, arxiver i bibliotecari de l\u2019Ajuntament d\u2019Alcany\u00eds, i es va adonar que les pintures incorporaven unes inscripcions molt deteriorades, en lletra g\u00f2tica, en qu\u00e8 apareixia repetidament el nom de Gibraltar i d&#8217;alguns personatges de l&#8217;empresa militar.<\/p>\n\n\n\n<div style=\"height:32px\" aria-hidden=\"true\" class=\"wp-block-spacer\"><\/div>\n\n\n\n<figure class=\"wp-block-image size-large\"><img loading=\"lazy\" width=\"1000\" height=\"669\" src=\"https:\/\/gibaltar.cat\/wp-content\/uploads\/2026\/04\/ALCANYIS6.jpg\" alt=\"\" class=\"wp-image-2604\" srcset=\"https:\/\/gibaltar.cat\/wp-content\/uploads\/2026\/04\/ALCANYIS6.jpg 1000w, https:\/\/gibaltar.cat\/wp-content\/uploads\/2026\/04\/ALCANYIS6-300x201.jpg 300w, https:\/\/gibaltar.cat\/wp-content\/uploads\/2026\/04\/ALCANYIS6-768x514.jpg 768w\" sizes=\"(max-width: 1000px) 100vw, 1000px\" \/><figcaption>Vista d&#8217;una part dels murals, amb el penyal al fons.<\/figcaption><\/figure>\n\n\n\n<div style=\"height:27px\" aria-hidden=\"true\" class=\"wp-block-spacer\"><\/div>\n\n\n\n<p>Va ser la pista que el va conv\u00e8ncer que les sis escenes reflectien, realment, moments clau de l\u2019ocupaci\u00f3, com ara un encontre previ entre els monarques castell\u00e0 i catal\u00e0, la marxa de Ferran IV cap a la guerra i l\u2019entrada del rei castell\u00e0 a Gibraltar, el 12 de setembre de 1309. Amb aquesta nova perspectiva, tamb\u00e9 es pot identificar perfectament la silueta del penyal vist des de l&#8217;actual poblaci\u00f3 de La L\u00ednea de la Concepci\u00f3n i fins i tot una possible primera representaci\u00f3 dels famosos macacos, encara presents a les parts m\u00e9s altes de Gibraltar.<\/p>\n\n\n\n<div style=\"height:39px\" aria-hidden=\"true\" class=\"wp-block-spacer\"><\/div>\n\n\n\n<p><strong>Article publicat el 28 d&#8217;abril de 2026<\/strong><\/p>\n","protected":false},"excerpt":{"rendered":"<p>Les pintures murals de la Torre de l&#8217;Homenatge del castell d&#8217;Alcany\u00eds, al Baix Arag\u00f3, representen la captura del penyal als musulmans del 12 de setembre de 1309<\/p>\n","protected":false},"author":1,"featured_media":2601,"comment_status":"closed","ping_status":"open","sticky":false,"template":"","format":"standard","meta":[],"categories":[2,38],"tags":[],"_links":{"self":[{"href":"https:\/\/gibaltar.cat\/index.php\/wp-json\/wp\/v2\/posts\/2597"}],"collection":[{"href":"https:\/\/gibaltar.cat\/index.php\/wp-json\/wp\/v2\/posts"}],"about":[{"href":"https:\/\/gibaltar.cat\/index.php\/wp-json\/wp\/v2\/types\/post"}],"author":[{"embeddable":true,"href":"https:\/\/gibaltar.cat\/index.php\/wp-json\/wp\/v2\/users\/1"}],"replies":[{"embeddable":true,"href":"https:\/\/gibaltar.cat\/index.php\/wp-json\/wp\/v2\/comments?post=2597"}],"version-history":[{"count":9,"href":"https:\/\/gibaltar.cat\/index.php\/wp-json\/wp\/v2\/posts\/2597\/revisions"}],"predecessor-version":[{"id":2615,"href":"https:\/\/gibaltar.cat\/index.php\/wp-json\/wp\/v2\/posts\/2597\/revisions\/2615"}],"wp:featuredmedia":[{"embeddable":true,"href":"https:\/\/gibaltar.cat\/index.php\/wp-json\/wp\/v2\/media\/2601"}],"wp:attachment":[{"href":"https:\/\/gibaltar.cat\/index.php\/wp-json\/wp\/v2\/media?parent=2597"}],"wp:term":[{"taxonomy":"category","embeddable":true,"href":"https:\/\/gibaltar.cat\/index.php\/wp-json\/wp\/v2\/categories?post=2597"},{"taxonomy":"post_tag","embeddable":true,"href":"https:\/\/gibaltar.cat\/index.php\/wp-json\/wp\/v2\/tags?post=2597"}],"curies":[{"name":"wp","href":"https:\/\/api.w.org\/{rel}","templated":true}]}}