{"id":741,"date":"2020-06-08T08:47:36","date_gmt":"2020-06-08T06:47:36","guid":{"rendered":"http:\/\/gibaltar.cat\/?p=741"},"modified":"2022-07-25T14:29:51","modified_gmt":"2022-07-25T12:29:51","slug":"les-arrels-alacantines-del-bisbe-francisco-porro","status":"publish","type":"post","link":"https:\/\/gibaltar.cat\/index.php\/2020\/06\/08\/les-arrels-alacantines-del-bisbe-francisco-porro\/","title":{"rendered":"Les arrels alacantines del bisbe Francisco Porro"},"content":{"rendered":"\n<p class=\"has-drop-cap\">El primer bisbe nascut a Gibraltar despr\u00e9s de l&#8217;ocupaci\u00f3 del 1704 va ser Francisco Porro y Reinado (1739-1814), fill d&#8217;una fam\u00edlia genovesa arribada des d&#8217;Alacant. De la Gibraltar natal va passar, ja com a membre dels Clergues Regulars Menors, per Granada, Sevilla i Roma, on va arribar a ser prep\u00f2sit general del seu orde i nomenat pel papa Pius VII al capdavant del Bisbat de Louisiana i les Dues Florides el 1801. Per\u00f2 la venda secreta d&#8217;aquets territori per part de Fran\u00e7a als EUA va impedir-ne l&#8217;acc\u00e9s al c\u00e0rrec i va precipitar, al seu torn, el nomenament com a flamant bisbe de Tarassona, seu que va ocupar fins a la mort.<\/p>\n\n\n\n<p>Sobre el vincle alacant\u00ed del bisbe Porro i la seva biografia, n&#8217;he escrit un extens article, <em>Francisco Porro, el bisbe gibraltareny \u2018perseguit\u2019 per Napole\u00f3<\/em>, publicat en <a rel=\"noreferrer noopener\" href=\"https:\/\/editorialafers.cat\/botiga\/ca\/afers\/438-l-impacte-de-la-primera-guerra-mundial-89-9788416260522.html\" data-type=\"URL\" data-id=\"https:\/\/editorialafers.cat\/botiga\/ca\/afers\/438-l-impacte-de-la-primera-guerra-mundial-89-9788416260522.html\" target=\"_blank\">catal\u00e0<\/a>, <a rel=\"noreferrer noopener\" href=\"https:\/\/shop.gibraltarheritagetrust.org.gi\/index.php?route=product\/product&amp;path=17&amp;product_id=230\" data-type=\"URL\" data-id=\"https:\/\/shop.gibraltarheritagetrust.org.gi\/index.php?route=product\/product&amp;path=17&amp;product_id=230\" target=\"_blank\">angl\u00e8s<\/a> i <a rel=\"noreferrer noopener\" href=\"http:\/\/institutoecg.es\/wp-content\/uploads\/2020\/12\/03-francisco-porro.pdf\" data-type=\"URL\" data-id=\"http:\/\/institutoecg.es\/wp-content\/uploads\/2020\/12\/03-francisco-porro.pdf\" target=\"_blank\">castell\u00e0<\/a>.<\/p>\n","protected":false},"excerpt":{"rendered":"<p>El primer bisbe cat\u00f2lic nascut a Gibraltar despr\u00e9s de l&#8217;ocupaci\u00f3 del 1704 t\u00e9 una vinculaci\u00f3, indirecta, amb Alacant<\/p>\n","protected":false},"author":1,"featured_media":742,"comment_status":"closed","ping_status":"open","sticky":false,"template":"","format":"standard","meta":[],"categories":[29],"tags":[28],"_links":{"self":[{"href":"https:\/\/gibaltar.cat\/index.php\/wp-json\/wp\/v2\/posts\/741"}],"collection":[{"href":"https:\/\/gibaltar.cat\/index.php\/wp-json\/wp\/v2\/posts"}],"about":[{"href":"https:\/\/gibaltar.cat\/index.php\/wp-json\/wp\/v2\/types\/post"}],"author":[{"embeddable":true,"href":"https:\/\/gibaltar.cat\/index.php\/wp-json\/wp\/v2\/users\/1"}],"replies":[{"embeddable":true,"href":"https:\/\/gibaltar.cat\/index.php\/wp-json\/wp\/v2\/comments?post=741"}],"version-history":[{"count":1,"href":"https:\/\/gibaltar.cat\/index.php\/wp-json\/wp\/v2\/posts\/741\/revisions"}],"predecessor-version":[{"id":743,"href":"https:\/\/gibaltar.cat\/index.php\/wp-json\/wp\/v2\/posts\/741\/revisions\/743"}],"wp:featuredmedia":[{"embeddable":true,"href":"https:\/\/gibaltar.cat\/index.php\/wp-json\/wp\/v2\/media\/742"}],"wp:attachment":[{"href":"https:\/\/gibaltar.cat\/index.php\/wp-json\/wp\/v2\/media?parent=741"}],"wp:term":[{"taxonomy":"category","embeddable":true,"href":"https:\/\/gibaltar.cat\/index.php\/wp-json\/wp\/v2\/categories?post=741"},{"taxonomy":"post_tag","embeddable":true,"href":"https:\/\/gibaltar.cat\/index.php\/wp-json\/wp\/v2\/tags?post=741"}],"curies":[{"name":"wp","href":"https:\/\/api.w.org\/{rel}","templated":true}]}}