{"id":972,"date":"2025-09-28T10:28:00","date_gmt":"2025-09-28T08:28:00","guid":{"rendered":"http:\/\/gibaltar.cat\/?p=972"},"modified":"2026-04-28T07:06:15","modified_gmt":"2026-04-28T05:06:15","slug":"mes-articles","status":"publish","type":"post","link":"https:\/\/gibaltar.cat\/index.php\/2025\/09\/28\/mes-articles\/","title":{"rendered":"M\u00e9s articles"},"content":{"rendered":"\n<p><\/p>\n\n\n\n<p><a href=\"https:\/\/gibaltar.cat\/index.php\/2025\/09\/27\/maria-serra-i-francisco-soro-mecenes-musicals-de-la-linea\/\"><strong>Maria Serra i Francisco Soro, mecenes musicals de La L\u00ednea<\/strong><\/a><br>La filla de l\u2019escriptor, periodista i corrector osonenc Ramon Serra i Toneu \u00e9s el principal referent, juntament amb el seu marit, en la divulgaci\u00f3 i difusi\u00f3 de la m\u00fasica al Camp de Gibraltar al llarg del segle XX<\/p>\n\n\n\n<p><a href=\"https:\/\/gibaltar.cat\/index.php\/2025\/09\/23\/la-barcelona-de-paco-de-lucia\/\"><strong>La \u201cBarcelona\u201d de Paco de Luc\u00eda<\/strong><\/a><br>La llegenda del flamenc es va criar al carrer de Barcelona d&#8217;Algesires, on va aprendre a tocar la guitarra<\/p>\n\n\n\n<p><a href=\"https:\/\/gibaltar.cat\/index.php\/2025\/09\/14\/les-llunyanes-arrels-valencianes-de-lescultor-insigne-de-san-roque\/\"><strong>Les arrels valencianes de l\u2019escultor insigne de San Roque<\/strong><\/a><br>L&#8217;escultor i especialista en imatgeria religiosa Luis Ortega Br\u00fa va n\u00e9ixer al municipi gadit\u00e0 el 10 de setembre de 1916<\/p>\n\n\n\n<p><a href=\"https:\/\/gibaltar.cat\/index.php\/2025\/09\/02\/el-llanito-a-les-universitats-de-la-uab-a-la-uib-passant-per-la-ub\/\"><strong>El llanito a les universitats: de la UAB a la UIB (passant per la UB)<\/strong><\/a><br>El 1993, la professora Melissa G. Moyer va presentar una tesi doctoral a la UAB sobre el canvi de codi en la societat gibraltarenca, un estudi precursor de les nombroses iniciatives actuals al voltant de la singularitat ling\u00fc\u00edstica i liter\u00e0ria de Gibraltar<\/p>\n\n\n\n<p><a href=\"https:\/\/gibaltar.cat\/index.php\/2025\/08\/03\/el-portal-deuropa-la-insolita-relacio-de-sabadell-amb-gibraltar\/\"><strong>El portal d\u2019Europa: la ins\u00f2lita relaci\u00f3 de Sabadell amb Gibraltar<\/strong><\/a><br>El bisbe gibraltarenc Diego de Astorga (1665-1734) va propagar la devoci\u00f3 per Nostra Senyora d\u2019Europa fins a la cocapital del Vall\u00e8s Occidental<\/p>\n\n\n\n<p><a href=\"https:\/\/gibaltar.cat\/index.php\/2025\/07\/15\/les-histories-amagades-del-patio-carreras\/\"><strong>Les hist\u00f2ries amagades del Patio Carreras<\/strong><\/a><br>El llinatge Carreras, present al nomencl\u00e0tor de Gibraltar en un passatge al centre de la ciutat, es pot relacionar amb Mallorca, Menorca i Catalunya<\/p>\n\n\n\n<p><a href=\"https:\/\/gibaltar.cat\/index.php\/2025\/06\/27\/un-viatge-llampec-a-gibraltar-de-fa-dos-segles-i-mig\/\"><strong>Un viatge llampec al Gibraltar de fa dos segles i mig<\/strong><\/a><br>El pintor i escriptor il\u00b7lustrat valenci\u00e0 Antoni Pon\u00e7 i Piquer (1725-1792) va passar pel penyal despr\u00e9s del Gran Setge i en va deixar una bona descripci\u00f3 a l\u2019\u00faltim volum de \u2018Viage de Espa\u00f1a\u2019<\/p>\n\n\n\n<p><a href=\"https:\/\/gibaltar.cat\/index.php\/2025\/06\/16\/el-desconegut-monjo-de-montserrat-que-james-joyce-va-fer-universal\/\"><strong>El desconegut monjo de Montserrat que James Joyce va fer universal<\/strong><\/a><br>El capell\u00e0 segrianenc Ildefons Vilaplana, que va exercir a Gibraltar del 1911 al 1932, \u00e9s esmentat al mon\u00f2leg final de la Molly Bloom a la novel\u00b7la \u2018Ulisses\u2019<\/p>\n\n\n\n<p><a href=\"https:\/\/gibaltar.cat\/index.php\/2025\/06\/06\/lexposicio-dart-catala-a-mexic-confiscada-per-franco-a-lestret-de-gibraltar\/\"><strong>L\u2019exposici\u00f3 d\u2019art catal\u00e0 a M\u00e8xic confiscada per Franco a l\u2019estret de Gibraltar<\/strong><\/a><br>El maig de 1937, en plena guerra, un vaixell neerland\u00e8s noliejat per la Generalitat de Catalunya amb dues-centes obres d\u2019art a bord va ser interceptat per l\u2019armada rebel<\/p>\n\n\n\n<p><a href=\"https:\/\/gibaltar.cat\/index.php\/2025\/05\/26\/la-predilecta-dels-orfila-el-forn-don-sortien-les-calentitas-de-paloma\/\"><strong>La Predilecta dels Orfila, el forn d\u2019on sortien les \u2018calentitas\u2019 de Paloma<\/strong><\/a><br>Un dels locals on al segle passat es preparava el plat m\u00e9s popular de Gibraltar era regentat per una fam\u00edlia de cognom menorqu\u00ed<\/p>\n\n\n\n<p><a href=\"https:\/\/gibaltar.cat\/index.php\/2025\/05\/18\/gibraltarencs-amb-cor-blaugrana\/\"><strong>Gibraltarencs amb cor blaugrana<\/strong><\/a><br>Repassem la hist\u00f2ria del FC Barcelona Supporters Group, la penya barcelonista de Gibraltar<\/p>\n\n\n\n<p><a href=\"https:\/\/gibaltar.cat\/index.php\/2025\/05\/04\/reverend-orfila-un-capella-menorqui-a-la-punta-deuropa\/\"><strong>Reverend Orfila, un capell\u00e0 \u201cmenorqu\u00ed\u201d a la Punta d\u2019Europa<\/strong><\/a><br>Louis Orfila va dedicar gran part de la vida a restaurar i promoure l\u2019ermita de Nostra Senyora d\u2019Europa de Gibraltar<\/p>\n\n\n\n<p><a href=\"https:\/\/gibaltar.cat\/index.php\/2025\/04\/28\/gabriel-femenias-lanima-de-lesglesia-de-sant-josep-deuropa\/\"><strong>Gabriel Femenias, l\u2019\u00e0nima de l\u2019esgl\u00e9sia de Sant Josep d\u2019Europa<\/strong><\/a><br>El temple cat\u00f2lic del districte sud de Gibraltar va molt lligat a un descendent de menorquins<\/p>\n\n\n\n<p><a href=\"https:\/\/gibaltar.cat\/index.php\/2025\/04\/22\/som-a-mao-o-a-gibraltar\/\"><strong>Som a Ma\u00f3 o a Gibraltar?<\/strong><\/a><br>A la recerca dels vincles arquitect\u00f2nics entre Menorca i el penyal<\/p>\n\n\n\n<p><a href=\"https:\/\/gibaltar.cat\/index.php\/2025\/04\/10\/jaume-catala-el-bisbe-arenyenc-que-va-consagrar-lesglesia-de-la-linea\/\"><strong>Jaume Catal\u00e0, el bisbe arenyenc que va consagrar l\u2019esgl\u00e9sia de La L\u00ednea<\/strong><\/a><br>L&#8217;origen del santuari de la Immaculada Concepci\u00f3 est\u00e0 lligat a un bisbe catal\u00e0<\/p>\n\n\n\n<p><a href=\"https:\/\/gibaltar.cat\/index.php\/2025\/04\/08\/joseph-brugada-premi-ipecc-2024\/\"><strong>Joseph Brugada, premi IPECC 2024<\/strong><\/a><br>Discurs d&#8217;agra\u00efment del primer gibraltarenc que rep un Premi Josep Maria Batista i Roca &#8211; Memorial Enric Garriga i Trullols<\/p>\n\n\n\n<p><a href=\"https:\/\/gibaltar.cat\/index.php\/2025\/03\/13\/setges-catalans-a-ceuta\/\"><strong>Setges catalans sobre Ceuta<\/strong><\/a><br>Del segle XIV al XVIII es poden comptar com a m\u00ednim tres atacs de la flota catalanoaragonesa contra la ciutat situada a la riba sud de l&#8217;estret de Gibraltar<\/p>\n\n\n\n<p><a href=\"https:\/\/gibaltar.cat\/index.php\/2025\/03\/04\/gracies-per-tant-professor-sawchuk\/\"><strong>Gr\u00e0cies per tant, professor Sawchuk<\/strong><\/a><br>Unes paraules en la mort de Larry Sawchuk, l&#8217;antrop\u00f2leg canadenc amb cor gibraltarenc<\/p>\n\n\n\n<p><\/p>\n\n\n\n<p><a href=\"https:\/\/gibaltar.cat\/index.php\/2025\/02\/27\/la-presencia-catalana-en-les-repoblacions-dalgesires\/\"><strong>La important pres\u00e8ncia catalana en les repoblacions d\u2019Algesires<\/strong><\/a><br>Al segle XIV i al segle XVIII, la ciutat a l&#8217;altra banda de la badia de Gibraltar va ren\u00e9ixer de les cendres i, en tots dos casos, hi van participar molts repobladors catalans i valencians<\/p>\n\n\n\n<p><a href=\"https:\/\/gibaltar.cat\/index.php\/2025\/02\/19\/els-gache-la-nissaga-de-rellotgers-gibraltarenca-nascuda-a-barcelona\/\"><strong>Els Gache, la nissaga de rellotgers gibraltarenca nascuda a Barcelona<\/strong><\/a><br>L&#8217;historiador Richard J.M. Garcia ha dedicat un llibre a una fam\u00edlia de rellotgers i \u00f2ptics molt coneguda al penyal<\/p>\n\n\n\n<p><a href=\"https:\/\/gibaltar.cat\/index.php\/2024\/12\/02\/gibraltar-bressol-i-recer-del-protestantisme-catala\/\"><strong>Gibraltar, bressol i recer del protestantisme catal\u00e0<\/strong><\/a><br>A mitjan segle XIX, el penyal es va convertir en el refugi i l&#8217;escola dels principals propagadors de les idees reformades a la pen\u00ednsula Ib\u00e8rica<\/p>\n\n\n\n<p><a href=\"https:\/\/gibaltar.cat\/index.php\/2024\/11\/21\/un-tomb-pel-gibraltar-del-1899\/\"><strong>Un tomb pel Gibraltar de 1899<\/strong><\/a><br>La professora jubilada Rosa M. Pujol conserva a Barcelona un \u00e0lbum de la fam\u00edlia Shelly Villalonga amb imatges del penyal del final del segle XIX<\/p>\n\n\n\n<p><a href=\"https:\/\/gibaltar.cat\/index.php\/2024\/11\/13\/dos-testimonis-nostrats-de-les-passes-mortals-de-febre-groga-al-penyal\/\"><strong>Testimonis nostrats de les epid\u00e8mies mortals de febre groga al penyal<\/strong><\/a><br>L&#8217;augment demogr\u00e0fic i de l&#8217;activitat comercial de Gibraltar al principi del segle XIX va arribar amb un peatge molt car, del qual no es van escapar els menorquins presents a la ciutat<\/p>\n\n\n\n<p><a href=\"https:\/\/gibaltar.cat\/index.php\/2024\/11\/07\/entrevista-a-la-mira\/\"><strong>Entrevista a \u2018La Mira\u2019<\/strong><\/a><br>El 7 de novembre de 2024, la revista &#8216;La Mira&#8217; ha publicat una entrevista en qu\u00e8 explico l&#8217;origen del meu inter\u00e8s per Gibraltar i la g\u00e8nesi del portal Gibaltar.cat<\/p>\n\n\n\n<p><a href=\"https:\/\/gibaltar.cat\/index.php\/2024\/10\/22\/els-cardona-de-gibraltar-uns-catalans-passats-per-malta\/\"><strong>Els Cardona de Gibraltar, uns catalans passats per Malta<\/strong><\/a><br>Un exemple dels tombs sorprenents que poden arribar a fer al llarg de la hist\u00f2ria certs cognoms<\/p>\n\n\n\n<p><a href=\"https:\/\/gibaltar.cat\/index.php\/2024\/10\/14\/de-jans-ianquis-yanitos-i-chonis-nhi-ha-a-tots-els-territoris\/\"><strong>De jans, ianquis, yanis i chonis, n\u2019hi ha a tots els territoris<\/strong><\/a><br>L&#8217;origen de l&#8217;apel\u00b7latiu yanito\/llanito aplicat als gibraltarencs no \u00e9s del tot clar, per\u00f2 a Menorca podem trobar una pista for\u00e7a interessant<\/p>\n\n\n\n<p><a href=\"https:\/\/gibaltar.cat\/index.php\/2024\/10\/04\/lestret-de-gibraltar-un-pont-entre-lafrica-i-europa\/\"><strong>Projectes centenaris catalans per unir l\u2019\u00c0frica i Europa a trav\u00e9s de l\u2019estret de Gibraltar<\/strong><\/a><br>Comerma i Batalla, Garcia F\u00e0ria, Rubi\u00f3 i Bellver&#8230; Fem un rep\u00e0s de les propostes hist\u00f2riques de t\u00fanels intercontinentals sorgides d&#8217;enginyers nostrats<\/p>\n\n\n\n<p><a href=\"https:\/\/gibaltar.cat\/index.php\/2024\/09\/30\/la-contribucio-menorquina-a-la-identitat-yanita\/\"><strong>La contribuci\u00f3 menorquina a la identitat gibraltarenca<\/strong><\/a><br>Unes reflexions al voltant de l\u2019exposici\u00f3 \u2018Llanito\u2019, oberta del 27 d\u2019agost al 13 de setembre de 2024 a Gibraltar<\/p>\n\n\n\n<p><a href=\"https:\/\/gibaltar.cat\/index.php\/2024\/09\/20\/la-curiosa-connexio-catalano-gibraltarenca-al-cor-de-la-valletta\/\"><strong>De House of Catalunya a Gibraltar House: la imprevisible connexi\u00f3 catalano-gibraltarenca al cor de La Valletta<\/strong><\/a><br>A la capital de Malta, l&#8217;hist\u00f2ric Alberg d&#8217;Arag\u00f3 on s&#8217;allotjaven els cavallers hospitalers catalans va passar a ser a mitjan segle XIX la resid\u00e8ncia del bisbe anglic\u00e0 de Gibraltar<\/p>\n\n\n\n<p><a href=\"https:\/\/gibaltar.cat\/index.php\/2024\/09\/08\/deu-de-setembre-diada-nacional-de-gibraltar\/\"><strong>Deu de Setembre, diada nacional de Gibraltar<\/strong><\/a><br>A les primeres edicions del Gibraltar National Day, al principi de la d\u00e8cada del 1990, era habitual la participaci\u00f3 de dirigents i diputats d&#8217;Esquerra Republicana de Catalunya (ERC) en l&#8217;acte pol\u00edtic<\/p>\n\n\n\n<p><a href=\"https:\/\/gibaltar.cat\/index.php\/2024\/08\/13\/gibraltar-el-poema-censurat-pel-franquisme-de-josep-carner-ribalta\/\"><strong>\u201cGibraltar\u201d, el poema censurat pel franquisme de Josep Carner i Ribalta<\/strong><\/a><br>Recuperem un poema sobre el penyal que el r\u00e8gim franquista no va aprovar l&#8217;any 1969, quan va decidir tancar la frontera<\/p>\n\n\n\n<p><a href=\"https:\/\/gibaltar.cat\/index.php\/2024\/07\/30\/els-catalans-i-gibraltar\/\"><strong>Els catalans i Gibraltar<\/strong><\/a><br>Aprofitant que la reivindicaci\u00f3 espanyola sobre el territori brit\u00e0nic es va internacionalitzar a mitjan segle XX arran de l\u2019entrada a l\u2019ONU del r\u00e8gim franquista, entitats com el Consell Nacional Catal\u00e0 van desenvolupar tot un relat paral\u00b7lel vinculant la derogaci\u00f3 del tractat d\u2019Utrecht esgrimida per Madrid amb la recuperaci\u00f3 de la sobirania de Catalunya<\/p>\n\n\n\n<p><a href=\"https:\/\/gibaltar.cat\/index.php\/2024\/07\/10\/els-inesperats-girs-de-guio-rere-el-passatge-de-giro\/\"><strong>Els girs de gui\u00f3 rere el passatge de Gir\u00f3<\/strong><\/a><br>Just davant la catedral de Santa Maria la Coronada, al rovell de l&#8217;ou de Gibraltar, hi ha un petit carrer\u00f3 que ens transporta a una fam\u00edlia menorquina de Main Street amb passat llenguadoci\u00e0 i futur malagueny<\/p>\n\n\n\n<p><a href=\"https:\/\/gibaltar.cat\/index.php\/2024\/06\/20\/la-dura-vida-de-rosa-vila-de-menorca-a-gibraltar-passant-per-hong-kong-i-sud-africa\/\"><strong>La dura vida de Rosa Vila: de Menorca a Gibraltar, passant per Hong Kong i Sud-\u00e0frica<\/strong><\/a><br>Un apunt sobre l\u2019epopeia vital d\u2019una gibraltarenca amb arrels menorquines del segle XIX<\/p>\n\n\n\n<p><a href=\"https:\/\/gibaltar.cat\/index.php\/2024\/06\/17\/les-traces-de-la-desapareguda-avinguda-de-gibraltar-de-terrassa\/\"><strong>Les traces de la desapareguda avinguda de Gibraltar de Terrassa<\/strong><\/a><br>L&#8217;actual avinguda de Josep Tarradellas de la cocapital del Vall\u00e8s Occidental amaga un vincle (i un microbarri) relacionat amb el penyal<\/p>\n\n\n\n<p><a href=\"https:\/\/gibaltar.cat\/index.php\/2024\/06\/05\/pedro-caparros-el-guitarrista-catala-que-aporta-anima-electrica-i-flamenca-al-metal-del-penyal\/\"><strong>Pedro Caparr\u00f3s, el guitarrista catal\u00e0 que aporta \u00e0nima el\u00e8ctrica i flamenca al metal del penyal<\/strong><\/a><br>El m\u00fasic de l\u2019Hospitalet de Llobregat, despr\u00e9s de passar per Ktulu, es va unir al principi dels anys 2000 a Breed 77, una de les bandes m\u00e9s conegudes del panorama musical gibraltarenc i que ha triomfat al mercat anglosax\u00f3 amb el seu personal\u00edssim nu metal experimental<\/p>\n\n\n\n<p><a href=\"https:\/\/gibaltar.cat\/index.php\/2024\/05\/22\/del-gi-a-les-matricules-gironines-al-domini-ajuntament-gi\/\"><strong>De la campanya \u2018Girona, i punt!\u2019 al domini Ajuntament.gi<\/strong><\/a><br>L\u2019\u00fas del domini d\u2019internet gibraltarenc en webs de l\u2019\u00e0rea de Girona, entre la d\u00e8cada del 1990 i els primers anys 2000, es va deure a un c\u00famul de factors, entre els quals hi havia la burocr\u00e0cia i l\u2019elevat preu del .es, l\u2019agilitat i gratu\u00eftat per registrar el .gi i la manca del .ct<\/p>\n\n\n\n<p><a href=\"https:\/\/gibaltar.cat\/index.php\/2024\/05\/02\/la-historia-duna-placa-historica\/\"><strong>La hist\u00f2ria d\u2019una placa hist\u00f2rica<\/strong><\/a><br>El 19 d&#8217;abril de 2024 es va inaugurar a Catalan Bay un testimoni m\u00e9s de l&#8217;amistat hist\u00f2rica entre Catalunya i Gibraltar<\/p>\n\n\n\n<p><a href=\"https:\/\/gibaltar.cat\/index.php\/2024\/04\/07\/un-testimoni-catala-de-la-presa-de-gibraltar\/\"><strong>Un testimoni catal\u00e0 de la presa de Gibraltar<\/strong><\/a><br>Selecci\u00f3 d&#8217;extractes del diari de l&#8217;ocupaci\u00f3 i defensa del penyal el 1704 i 1705 escrit pel capit\u00e0 Francesc de Casamitjana<\/p>\n\n\n\n<p><a href=\"https:\/\/gibaltar.cat\/index.php\/2024\/03\/25\/larquitecte-amb-arrels-menorquines-rere-lesglesia-del-sagrat-cor-de-gibraltar\/\"><strong>L\u2019arquitecte amb arrels menorquines rere l\u2019esgl\u00e9sia del Sagrat Cor de Gibraltar<\/strong><\/a><br>En ocasi\u00f3 dels 150 anys de la col\u00b7locaci\u00f3 de la primera pedra del temple de Castle Road resseguim els passos de Temistio Tudury<\/p>\n\n\n\n<p><a href=\"https:\/\/gibaltar.cat\/index.php\/2024\/03\/17\/damia-capcir-i-miquel-ferrer-els-primers-exiliats-al-gibraltar-britanic\/\"><strong>Dami\u00e0 Capcir i Miquel Ferrer, els primers exiliats al Gibraltar brit\u00e0nic?<\/strong><\/a><br>Tots dos eren de la Pobla del Duc i durant la guerra de Successi\u00f3 van participar activament en el b\u00e0ndol austriacista al Regne de Val\u00e8ncia<\/p>\n\n\n\n<p><a href=\"https:\/\/gibaltar.cat\/index.php\/2024\/02\/19\/el-penyal-refugi-de-politics-i-militars-liberals\/\"><strong>El penyal, refugi de pol\u00edtics i militars liberals<\/strong><\/a><br>El primer ter\u00e7 del segle XIX, alguns valencians i mallorquins que havien participat en el Gran Setge contra Gibraltar es van veure obligats, paradoxalment, a refugiar-s\u2019hi per fugir de l\u2019absolutisme de Ferran VII<\/p>\n\n\n\n<p><a href=\"https:\/\/gibaltar.cat\/index.php\/2024\/01\/22\/guanyar-la-llibertat-a-bracades-a-la-badia-de-gibraltar\/\"><strong>Guanyar la llibertat a bra\u00e7ades<\/strong><\/a><br>El metge republic\u00e0 Francesc Dalmau i Norat es va escapar d\u2019un batall\u00f3 disciplinari franquista el 1940 nedant de nit de Los Barrios fins al penyal<\/p>\n\n\n\n<p><a href=\"https:\/\/gibaltar.cat\/index.php\/2024\/01\/18\/el-tesorillo-de-joan-march-a-tocar-de-gibraltar\/\"><strong>El \u2018tesorillo\u2019 de Joan March a tocar de Gibraltar<\/strong><\/a><br>El gran contrabandista del segle XX va comprar un immens latifundi ben a prop de la frontera i hi va establir una col\u00f2nia de mallorquins provinent del seu poble<\/p>\n\n\n\n<p><a href=\"https:\/\/gibaltar.cat\/index.php\/2023\/11\/27\/pepe-el-catalan-el-perruquer-de-gibraltar\/\"><strong>Pepe el Catal\u00e1n, el perruquer de Gibraltar<\/strong><\/a><br>El barcelon\u00ed Josep Brugada va ser un dels 16.000 civils del penyal evacuats durant la Segona Guerra Mundial<\/p>\n\n\n\n<p><a href=\"https:\/\/gibaltar.cat\/index.php\/2023\/10\/21\/gibraltar-als-carrers-i-places-dels-paisos-catalans\/\"><strong>Gibraltar als carrers i places dels Pa\u00efsos Catalans<\/strong><\/a><br>Una an\u00e0lisi de la pres\u00e8ncia del penyal en els nomencl\u00e0tors municipals del Principat i el Pa\u00eds Valenci\u00e0<\/p>\n\n\n\n<p><a rel=\"noreferrer noopener\" href=\"https:\/\/gibaltar.cat\/index.php\/2023\/08\/02\/els-messa-del-raval-al-penyal\/\" target=\"_blank\"><strong>Els Messa: del Raval al Penyal<\/strong><\/a><br>La fam\u00edlia Messa \u00e9s el paradigma de l&#8217;important flux de menorquins cap a Gibraltar d&#8217;en\u00e7\u00e0 de la segona meitat del segle XVIII<\/p>\n\n\n\n<p><a rel=\"noreferrer noopener\" href=\"https:\/\/gibaltar.cat\/index.php\/2023\/06\/21\/els-riera-una-familia-dhortolans-benestants-del-segle-xviii-a-gibraltar\/\" target=\"_blank\"><strong>Els Riera, una fam\u00edlia d\u2019hortolans benestants del segle XVIII a Gibraltar<\/strong><\/a><br>El sabadellenc Miquel Riera, casat amb la menorquina Tecla Portes, va ser un personatge important en la societat gibraltarenca posterior a l&#8217;ocupaci\u00f3 brit\u00e0nica<\/p>\n\n\n\n<p><a rel=\"noreferrer noopener\" href=\"https:\/\/gibaltar.cat\/index.php\/2023\/06\/05\/andorra-un-model-per-a-gibraltar\/\" target=\"_blank\"><strong>Andorra, un model per a Gibraltar?<\/strong><\/a><br>La hist\u00f2ria de la via andorrana per mirar de resoldre la disputa del penyal<\/p>\n\n\n\n<p><a rel=\"noreferrer noopener\" href=\"https:\/\/gibaltar.cat\/index.php\/2023\/03\/01\/josep-corrons-de-caldes-de-montbui-a-hongria-passant-per-gibraltar\/\" target=\"_blank\"><strong>Josep Corrons, de Caldes de Montbui a Hongria, passant per Gibraltar<\/strong><\/a><br>Un apunt biogr\u00e0fic del catal\u00e0 amb m\u00e9s poder pol\u00edtic al penyal<\/p>\n\n\n\n<p><a href=\"https:\/\/gibaltar.cat\/index.php\/2023\/02\/20\/josep-valls-lagent-al-penyal-de-la-companyia-nova-de-gibraltar\/\"><strong>Josep Valls, l\u2019agent al penyal de la Companyia Nova de Gibraltar<\/strong><\/a><br>Resseguim la hist\u00f2ria d\u2019aquest teianenc de la primera meitat del segle XVIII per mitj\u00e0 de l\u2019estudi d\u2019un descendent seu, Ramon Puigoriol Valls<\/p>\n\n\n\n<p><a rel=\"noreferrer noopener\" href=\"https:\/\/gibaltar.cat\/index.php\/2022\/10\/15\/el-diari-de-francesc-de-casamitjana-tema-de-portada-del-num-246-de-sapiens\/\" target=\"_blank\"><strong>El diari de Francesc de Casamitjana, tema de portada del n\u00fam. 246 de \u2018S\u00e0piens\u2019<\/strong><\/a><br>La transcripci\u00f3 i digitalitzaci\u00f3 del diari de Casamitjana \u00e9s destacada al n\u00famero de setembre de 2022<\/p>\n\n\n\n<p><a href=\"https:\/\/gibaltar.cat\/index.php\/2022\/10\/08\/les-arrels-menorquines-del-pintor-mes-reconegut-de-gibraltar\/\"><strong>Les arrels menorquines del pintor m\u00e9s reconegut de Gibraltar<\/strong><\/a><br>El 23 de setembre de 1872 va n\u00e9ixer Gustavo Bacarisas Podesta<\/p>\n\n\n\n<p><a href=\"https:\/\/gibaltar.cat\/index.php\/2022\/08\/03\/una-obra-magna-sobre-el-poble-menut-de-gibraltar\/\"><strong>Una obra magna sobre el poble menut de Gibraltar<\/strong><\/a><br>L\u2019historiador Richard J.M. Garcia, despr\u00e9s de vint anys de recerca, ha publicat en tres volums l&#8217;estudi definitiu de la hist\u00f2ria social de Gibraltar del 1704 al 1805&#8230; amb nombroses refer\u00e8ncies (i referents) a casa nostra<\/p>\n\n\n\n<p><a href=\"https:\/\/gibaltar.cat\/index.php\/2022\/08\/01\/diari-francesc-de-casamitjana\/\"><strong>Vida i obra de Francesc de Casamitjana<\/strong><\/a><br>Com a secretari del pr\u00edncep Jordi de Hessen-Darmstadt, aquest austriacista garrotx\u00ed va escriure un interessant i complet diari dels fets de la guerra de Successi\u00f3 entre 1702 i 1707<\/p>\n\n\n\n<p><a href=\"https:\/\/gibaltar.cat\/index.php\/2022\/06\/27\/les-subtils-traces-catalanes-i-menorquines-a-lulisses-de-james-joyce\/\"><strong>Les subtils traces catalanes i menorquines a l\u2019\u2019Ulisses\u2019 de James Joyce<\/strong><\/a><br>El mon\u00f2leg final de la gran novel\u00b7la irlandesa, de la qual se celebra el centenari el 2022, inclou algunes refer\u00e8ncies a la pres\u00e8ncia catalana i menorquina al penyal de Gibraltar<\/p>\n\n\n\n<p><a rel=\"noreferrer noopener\" href=\"https:\/\/gibaltar.cat\/index.php\/2022\/06\/27\/diaris-catalans-dels-grans-setges-de-gibraltar\/\" target=\"_blank\"><strong>Diaris \u2018catalans\u2019 dels grans setges de Gibraltar<\/strong><\/a><br>Tant de l&#8217;ocupaci\u00f3 i defensa austriacista de Gibraltar del 1704 com de l&#8217;anomenat Gran Setge del 1779 al 1783, n&#8217;hi ha diaris escrits en primera persona per un catal\u00e0 i un menorqu\u00ed<\/p>\n\n\n\n<p><a rel=\"noreferrer noopener\" href=\"http:\/\/gibaltar.cat\/index.php\/2022\/04\/18\/gabriel-ferrater-precursor-de-john-lennon-al-penyal\/\" target=\"_blank\"><strong>Gabriel Ferrater, precursor de John Lennon al penyal<\/strong><\/a><br>En el centenari del naixement i el cinquantenari de la mort, recordem un episodi singular del poeta Gabriel Ferrater (1922-1972): el casament, a Gibraltar, amb Jill Jarrell el 1964<\/p>\n\n\n\n<p><a rel=\"noreferrer noopener\" href=\"http:\/\/gibaltar.cat\/index.php\/2022\/01\/11\/menorquins-a-gibraltar\/\" target=\"_blank\"><strong>Els menorquins a Gibraltar<\/strong><\/a><br>L&#8217;emigraci\u00f3 desconeguda de l&#8217;illa cap al penyal quan els dos territoris eren sota sobirania brit\u00e0nica<\/p>\n\n\n\n<p><a rel=\"noreferrer noopener\" href=\"http:\/\/gibaltar.cat\/index.php\/2021\/12\/13\/el-misterios-comunicat-de-suport-catala-al-referendum-de-gibraltar-de-1967\/\" target=\"_blank\"><strong>El misteri\u00f3s comunicat de suport catal\u00e0 al refer\u00e8ndum de Gibraltar de 1967<\/strong><\/a><br>En ocasi\u00f3 del primer refer\u00e8ndum d&#8217;autodeterminaci\u00f3 de Gibraltar, el 10 de setembre de 1967, unes denominades Forces d&#8217;Alliberament de Catalunya van expressar el seu suport a la consulta ciutadana amb un p\u00f2ster i un comunicat<\/p>\n\n\n\n<p><a href=\"http:\/\/gibaltar.cat\/index.php\/2021\/12\/06\/es-castell-i-gibraltar-germans-de-sang\/\"><strong>Es Castell i Gibraltar, pobles germans<\/strong><\/a><br>El 2021 s&#8217;ha celebrat el 250 aniversari des Castell, un municipi menorqu\u00ed que presenta moltes semblances (i lligams) amb el penyal<\/p>\n\n\n\n<p><a href=\"http:\/\/gibaltar.cat\/index.php\/2021\/10\/01\/un-gibraltar-als-peus-del-canigo\/\"><strong>Un Gibraltar als peus del Canig\u00f3<\/strong><\/a><br>A la perif\u00e8ria del municipi nord-catal\u00e0 de Prada de Conflent hi ha un nucli industrial quasi abandonat que remet a l&#8217;antiga activitat minera a la zona i, de retruc, a un penyal ben lluny\u00e0<\/p>\n\n\n\n<p><a href=\"http:\/\/gibaltar.cat\/index.php\/2021\/06\/19\/adeu-amic\/\"><strong>Ad\u00e9u, amic!<\/strong><\/a><br>Em sap molt de greu haver d&#8217;escriure aquesta entrada perqu\u00e8 no \u00e9s just, gens, que se n&#8217;hagi anat abans d&#8217;hora en Xavier Pons<\/p>\n\n\n\n<p><a href=\"http:\/\/gibaltar.cat\/index.php\/2021\/06\/17\/la-toponimia-catalana-i-menorquina-a-gibraltar\/\"><strong>La topon\u00edmia catalana i menorquina a Gibraltar<\/strong><\/a><br>M\u00e9s enll\u00e0 de la cridanera Catalan Bay, ac\u00ed i all\u00e0 del penyal de Gibraltar podem trobar noms de lloc relacionats amb els Pa\u00efsos Catalans<\/p>\n\n\n\n<p><a href=\"http:\/\/gibaltar.cat\/index.php\/2021\/06\/16\/les-arrels-menorquines-del-pare-politic-de-gibraltar\/\"><strong>Les arrels menorquines del pare pol\u00edtic de Gibraltar<\/strong><\/a><br>L\u2019advocat i activista Sir Joshua Hassan (1915-1997), impulsor del refer\u00e8ndum d&#8217;autodeterminaci\u00f3 del 1967, provenia per part de mare d&#8217;una fam\u00edlia jueva de Menorca<\/p>\n\n\n\n<p><a href=\"http:\/\/gibaltar.cat\/index.php\/2021\/06\/15\/pierre-vilar-i-la-companya-nova-de-gibaltar\/\"><strong>Pierre Vilar i la Compa\u00f1ya Nova de Gibaltar<\/strong><\/a><br>L&#8217;estiu del 1709 es va constituir a Barcelona la primera companyia que, a trav\u00e9s del port de Gibraltar, trencava el monopoli del comer\u00e7 atl\u00e0ntic als catalans<\/p>\n\n\n\n<p><a href=\"http:\/\/gibaltar.cat\/index.php\/2021\/06\/09\/lenigmatic-escultor-catala-rere-el-gibraltar-war-memorial\/\"><strong>L\u2019enigm\u00e0tic escultor barcelon\u00ed rere el Gibraltar War Memorial<\/strong><\/a><br>Una investigaci\u00f3 sobre la vida i l&#8217;obra del desconegut escultor catal\u00e0 que va rebre l&#8217;enc\u00e0rrec d&#8217;esculpir el memorial als caiguts brit\u00e0nics de Gibraltar<\/p>\n\n\n\n<p><a rel=\"noreferrer noopener\" href=\"http:\/\/gibaltar.cat\/index.php\/2021\/06\/08\/les-arrels-alacantines-del-bisbe-francisco-porro\/\" target=\"_blank\"><strong>Les arrels alacantines del bisbe Francisco Porro<\/strong><\/a><br>El primer bisbe cat\u00f2lic nascut a Gibraltar despr\u00e9s de l&#8217;ocupaci\u00f3 del 1704 t\u00e9 una vinculaci\u00f3, indirecta, amb Alacant<\/p>\n\n\n\n<div style=\"height:57px\" aria-hidden=\"true\" class=\"wp-block-spacer\"><\/div>\n\n\n\n<p><strong>Articles in English<\/strong><\/p>\n\n\n\n<p><a rel=\"noreferrer noopener\" href=\"https:\/\/gibaltar.cat\/index.php\/2020\/07\/25\/catalan-and-menorcan-placenames-in-gibraltar\/\" target=\"_blank\"><strong>Catalan and Menorcan placenames in Gibraltar<\/strong><\/a><\/p>\n\n\n\n<p><a rel=\"noreferrer noopener\" href=\"https:\/\/gibaltar.cat\/index.php\/2022\/07\/19\/the-giros-a-menorcan-family-on-main-street-with-a-french-past-and-a-future-in-malaga\/\" target=\"_blank\"><strong>The Gir\u00f3s, a Menorcan family on Main Street with a French past and a future in M\u00e1laga<\/strong><\/a><\/p>\n\n\n\n<p><a rel=\"noreferrer noopener\" href=\"https:\/\/gibaltar.cat\/index.php\/2022\/06\/09\/rosa-vila-from-menorca-to-gibraltar-passing-through-hong-kong-and-south-africa\/\" target=\"_blank\"><strong>Rosa Vila: from Menorca to Gibraltar, passing through Hong Kong and South Africa<\/strong><\/a><\/p>\n\n\n\n<p><a rel=\"noreferrer noopener\" href=\"https:\/\/gibaltar.cat\/index.php\/2022\/03\/09\/the-architect-with-menorcan-roots-behind-the-design-of-the-sacred-heart-church-of-gibraltar\/\" target=\"_blank\"><strong>The Architect with Menorcan Roots behind the Design of the Sacred Heart Church of Gibraltar<\/strong><\/a><br>On the occasion of the 150th anniversary of the laying of the foundation stone of the church on Castle Road, we follow in the footsteps of Temistio Tudury<\/p>\n\n\n\n<p><a href=\"https:\/\/gibaltar.cat\/index.php\/2021\/09\/03\/swim-to-freedom\/\" target=\"_blank\" rel=\"noreferrer noopener\"><strong>Swim to freedom<\/strong><\/a><br>The republican Dr. Francesc Dalmau i Norat escaped from a Francoist disciplinary battalion in 1940 by swimming at night from Los Barrios to the Rock<\/p>\n\n\n\n<p><a href=\"http:\/\/gibaltar.cat\/index.php\/2021\/09\/02\/surnames-of-menorcan-origin-in-gibraltar\/\"><strong>Surnames of Menorcan origin in Gibraltar<\/strong><\/a><br>An introduction to surnames brought to the Rock by Menorcans in the 18th and 19th Centuries<\/p>\n\n\n\n<p><a href=\"http:\/\/gibaltar.cat\/index.php\/2021\/08\/08\/the-great-siege-with-a-minorcan-emphasis\/\" target=\"_blank\" rel=\"noreferrer noopener\"><strong>The Great Siege\u2026 with a Minorcan emphasis<\/strong><\/a><strong><br><\/strong>A personal diary of the Great Siege written by a Minorcan priest. Translated into English by Manolo Galliano<\/p>\n\n\n\n<p><a href=\"http:\/\/gibaltar.cat\/index.php\/2021\/08\/17\/introduction-to-the-english-language-version-of-my-book\/\"><strong>Introduction to the English language version of my book<\/strong><\/a><br>The English translation of my book (August 2021) about the Menorcan community in Gibraltar deserves a proper introduction<\/p>\n","protected":false},"excerpt":{"rendered":"<p>Accediu a m\u00e9s entrades publicades en aquesta p\u00e0gina<\/p>\n","protected":false},"author":1,"featured_media":0,"comment_status":"closed","ping_status":"open","sticky":false,"template":"","format":"standard","meta":[],"categories":[38],"tags":[],"_links":{"self":[{"href":"https:\/\/gibaltar.cat\/index.php\/wp-json\/wp\/v2\/posts\/972"}],"collection":[{"href":"https:\/\/gibaltar.cat\/index.php\/wp-json\/wp\/v2\/posts"}],"about":[{"href":"https:\/\/gibaltar.cat\/index.php\/wp-json\/wp\/v2\/types\/post"}],"author":[{"embeddable":true,"href":"https:\/\/gibaltar.cat\/index.php\/wp-json\/wp\/v2\/users\/1"}],"replies":[{"embeddable":true,"href":"https:\/\/gibaltar.cat\/index.php\/wp-json\/wp\/v2\/comments?post=972"}],"version-history":[{"count":78,"href":"https:\/\/gibaltar.cat\/index.php\/wp-json\/wp\/v2\/posts\/972\/revisions"}],"predecessor-version":[{"id":2610,"href":"https:\/\/gibaltar.cat\/index.php\/wp-json\/wp\/v2\/posts\/972\/revisions\/2610"}],"wp:attachment":[{"href":"https:\/\/gibaltar.cat\/index.php\/wp-json\/wp\/v2\/media?parent=972"}],"wp:term":[{"taxonomy":"category","embeddable":true,"href":"https:\/\/gibaltar.cat\/index.php\/wp-json\/wp\/v2\/categories?post=972"},{"taxonomy":"post_tag","embeddable":true,"href":"https:\/\/gibaltar.cat\/index.php\/wp-json\/wp\/v2\/tags?post=972"}],"curies":[{"name":"wp","href":"https:\/\/api.w.org\/{rel}","templated":true}]}}